{"id":14213,"date":"2025-07-17T16:38:28","date_gmt":"2025-07-17T14:38:28","guid":{"rendered":"https:\/\/www.sommerbad-stadensen.de\/?p=14213"},"modified":"2025-07-17T16:38:28","modified_gmt":"2025-07-17T14:38:28","slug":"open-air-kino-im-sommerbad","status":"publish","type":"post","link":"http:\/\/www.sommerbad-stadensen.de\/?p=14213","title":{"rendered":"Open Air-Kino im Sommerbad"},"content":{"rendered":"<p><a href=\"https:\/\/i0.wp.com\/www.sommerbad-stadensen.de\/wp\/wp-content\/uploads\/2025\/07\/2025-07-17_open-air-kino.jpg\" target=\"_blank\" rel=\"noopener\"><img data-recalc-dims=\"1\" loading=\"lazy\" decoding=\"async\" data-attachment-id=\"14212\" data-permalink=\"http:\/\/www.sommerbad-stadensen.de\/?attachment_id=14212\" data-orig-file=\"https:\/\/i0.wp.com\/www.sommerbad-stadensen.de\/wp\/wp-content\/uploads\/2025\/07\/2025-07-17_open-air-kino.jpg?fit=1920%2C1920\" data-orig-size=\"1920,1920\" data-comments-opened=\"0\" data-image-meta=\"{&quot;aperture&quot;:&quot;0&quot;,&quot;credit&quot;:&quot;&quot;,&quot;camera&quot;:&quot;&quot;,&quot;caption&quot;:&quot;&quot;,&quot;created_timestamp&quot;:&quot;0&quot;,&quot;copyright&quot;:&quot;&quot;,&quot;focal_length&quot;:&quot;0&quot;,&quot;iso&quot;:&quot;0&quot;,&quot;shutter_speed&quot;:&quot;0&quot;,&quot;title&quot;:&quot;&quot;,&quot;orientation&quot;:&quot;0&quot;}\" data-image-title=\"2025-07-17_open-air-kino\" data-image-description=\"\" data-image-caption=\"\" data-medium-file=\"https:\/\/i0.wp.com\/www.sommerbad-stadensen.de\/wp\/wp-content\/uploads\/2025\/07\/2025-07-17_open-air-kino.jpg?fit=300%2C300\" data-large-file=\"https:\/\/i0.wp.com\/www.sommerbad-stadensen.de\/wp\/wp-content\/uploads\/2025\/07\/2025-07-17_open-air-kino.jpg?fit=750%2C750\" class=\"alignnone wp-image-14212 size-large\" src=\"https:\/\/i0.wp.com\/www.sommerbad-stadensen.de\/wp\/wp-content\/uploads\/2025\/07\/2025-07-17_open-air-kino.jpg?resize=750%2C750\" alt=\"\" width=\"750\" height=\"750\" srcset=\"https:\/\/i0.wp.com\/www.sommerbad-stadensen.de\/wp\/wp-content\/uploads\/2025\/07\/2025-07-17_open-air-kino.jpg?resize=1024%2C1024 1024w, https:\/\/i0.wp.com\/www.sommerbad-stadensen.de\/wp\/wp-content\/uploads\/2025\/07\/2025-07-17_open-air-kino.jpg?resize=300%2C300 300w, https:\/\/i0.wp.com\/www.sommerbad-stadensen.de\/wp\/wp-content\/uploads\/2025\/07\/2025-07-17_open-air-kino.jpg?resize=150%2C150 150w, https:\/\/i0.wp.com\/www.sommerbad-stadensen.de\/wp\/wp-content\/uploads\/2025\/07\/2025-07-17_open-air-kino.jpg?resize=768%2C768 768w, https:\/\/i0.wp.com\/www.sommerbad-stadensen.de\/wp\/wp-content\/uploads\/2025\/07\/2025-07-17_open-air-kino.jpg?resize=1536%2C1536 1536w, https:\/\/i0.wp.com\/www.sommerbad-stadensen.de\/wp\/wp-content\/uploads\/2025\/07\/2025-07-17_open-air-kino.jpg?resize=270%2C270 270w, https:\/\/i0.wp.com\/www.sommerbad-stadensen.de\/wp\/wp-content\/uploads\/2025\/07\/2025-07-17_open-air-kino.jpg?resize=230%2C230 230w, https:\/\/i0.wp.com\/www.sommerbad-stadensen.de\/wp\/wp-content\/uploads\/2025\/07\/2025-07-17_open-air-kino.jpg?w=1920 1920w\" sizes=\"auto, (max-width: 750px) 100vw, 750px\" \/><\/a><\/p>\n","protected":false},"excerpt":{"rendered":"","protected":false},"author":1,"featured_media":0,"comment_status":"closed","ping_status":"closed","sticky":false,"template":"","format":"standard","meta":{"ngg_post_thumbnail":0,"jetpack_post_was_ever_published":false,"_jetpack_newsletter_access":"","_jetpack_dont_email_post_to_subs":false,"_jetpack_newsletter_tier_id":0,"_jetpack_memberships_contains_paywalled_content":false,"_jetpack_memberships_contains_paid_content":false,"footnotes":"","jetpack_publicize_message":"","jetpack_publicize_feature_enabled":true,"jetpack_social_post_already_shared":true,"jetpack_social_options":{"image_generator_settings":{"template":"highway","default_image_id":0,"font":"","enabled":false},"version":2}},"categories":[1,3,2],"tags":[],"class_list":["post-14213","post","type-post","status-publish","format-standard","hentry","category-allgemein","category-bad","category-veranstaltungen"],"jetpack_publicize_connections":[],"jetpack_featured_media_url":"","jetpack_sharing_enabled":true,"jetpack_shortlink":"https:\/\/wp.me\/p7EHg6-3Hf","jetpack-related-posts":[{"id":13635,"url":"http:\/\/www.sommerbad-stadensen.de\/?p=13635","url_meta":{"origin":14213,"position":0},"title":"Saisonabschlu\u00df 2020","author":"Ingo Wolterstorff","date":"21. September 2020","format":false,"excerpt":"Saisonende in Stadensen Nach einer nicht ganz einfachen Saison hat inzwischen auch das Sommerbad in Stadensen seine Pforten geschlossen. Die Einschnitte durch die Corona-Pandemie haben dem kleinen Bad im S\u00fcden des Landkreises wahrlich zugesetzt. Denn der Betrieb des Bades hier erfolgt komplett in privater Hand durch den Tr\u00e4gerverein Interessengemeinschaft Sommerbad\u2026","rel":"","context":"In &quot;Allgemein&quot;","block_context":{"text":"Allgemein","link":"http:\/\/www.sommerbad-stadensen.de\/?cat=1"},"img":{"alt_text":"","src":"https:\/\/i0.wp.com\/www.sommerbad-stadensen.de\/wp\/wp-content\/uploads\/2020\/09\/2020-09-05_saisonabschluss_2020_01-150x150.jpg?resize=350%2C200","width":350,"height":200},"classes":[]},{"id":14038,"url":"http:\/\/www.sommerbad-stadensen.de\/?p=14038","url_meta":{"origin":14213,"position":1},"title":"Cocktail-Abend und Nachtschwimmen","author":"Ingo Wolterstorff","date":"7. August 2023","format":false,"excerpt":"Nachtschwimmen, Cocktails und mehr Coole Drinks bei hei\u00dfer Musik, das gibt es beim Nachtschwimmens in Stadensen. Am Sonnabend, den 19. August ist es soweit. Es darf wieder bis tief in die Nacht geschwommen und gefeiert werden. Ab 19.00 Uhr l\u00e4dt die Interessengemeinschaft Sommerbad Stadensen e. V. (ISO) zu ihrem Nachtschwimmen\u2026","rel":"","context":"In &quot;Allgemein&quot;","block_context":{"text":"Allgemein","link":"http:\/\/www.sommerbad-stadensen.de\/?cat=1"},"img":{"alt_text":"","src":"","width":0,"height":0},"classes":[]},{"id":14058,"url":"http:\/\/www.sommerbad-stadensen.de\/?p=14058","url_meta":{"origin":14213,"position":2},"title":"Cocktailabend &#038; Nachtschwimmen 2023","author":"Ingo Wolterstorff","date":"21. August 2023","format":false,"excerpt":"Nachtschwimmen im Sommerbad Stadensen Wetter gut, Besuch prima, Stimmung bestens \u2013 so die Bilanz des diesj\u00e4hrigen Nachtschwimmens im Sommerbad Stadensen, Bereits mit Beginn um 19.00 Uhr str\u00f6mten die Besucher auf das Gel\u00e4nde. Damit hatte das wetterbedingte Zittern des Orga-Teams hinsichtlich der Beteiligung ein Ende. Besonderer Bonus an diesem Abend \u2013\u2026","rel":"","context":"In &quot;Allgemein&quot;","block_context":{"text":"Allgemein","link":"http:\/\/www.sommerbad-stadensen.de\/?cat=1"},"img":{"alt_text":"","src":"https:\/\/i0.wp.com\/www.sommerbad-stadensen.de\/wp\/wp-content\/uploads\/2023\/08\/2023-08-19_nachtschwimmen_03-150x150.jpg?resize=350%2C200","width":350,"height":200},"classes":[]},{"id":12103,"url":"http:\/\/www.sommerbad-stadensen.de\/?p=12103","url_meta":{"origin":14213,"position":3},"title":"Hinweise zu Bildern und Video aus dem Bad und dortigen Veranstaltungen","author":"Ingo Wolterstorff","date":"7. Juli 2016","format":false,"excerpt":"Folgenden Hinweis finden Besucher im Eingangsbereich unseres Bads: Gleiches gilt nat\u00fcrlich f\u00fcr die aktuell bereits ver\u00f6ffentlichten Bilder auf unsere Webseite.","rel":"","context":"In &quot;Allgemein&quot;","block_context":{"text":"Allgemein","link":"http:\/\/www.sommerbad-stadensen.de\/?cat=1"},"img":{"alt_text":"2016-07-07_aushang_hinweis_fotos","src":"https:\/\/i0.wp.com\/www.sommerbad-stadensen.de\/wp\/wp-content\/uploads\/2016\/07\/2016-07-07_aushang_hinweis_fotos-150x150.jpg?resize=350%2C200","width":350,"height":200},"classes":[]},{"id":14204,"url":"http:\/\/www.sommerbad-stadensen.de\/?p=14204","url_meta":{"origin":14213,"position":4},"title":"Die ISO wird 25!","author":"Ingo Wolterstorff","date":"29. April 2025","format":false,"excerpt":"Die ISO wird 25! Im Jahr 2000, als die Schlie\u00dfung des Sommerbades drohte, taten sich B\u00fcrgerinnen und B\u00fcrger aus Stadensen und Umgebung zusammen und gr\u00fcndeten die ISO, um das Bad zu retten. Das ist gelungen, und seit bald 25 Jahren wird das Bad nun vom Tr\u00e4gerverein ISO betrieben. Das wollen\u2026","rel":"","context":"In &quot;Allgemein&quot;","block_context":{"text":"Allgemein","link":"http:\/\/www.sommerbad-stadensen.de\/?cat=1"},"img":{"alt_text":"","src":"https:\/\/i0.wp.com\/www.sommerbad-stadensen.de\/wp\/wp-content\/uploads\/2025\/04\/2025-05_iso_jubilaeum-208x300.jpg?resize=350%2C200","width":350,"height":200},"classes":[]},{"id":14027,"url":"http:\/\/www.sommerbad-stadensen.de\/?p=14027","url_meta":{"origin":14213,"position":5},"title":"Bericht zum Kinderfest 2023","author":"Ingo Wolterstorff","date":"2. August 2023","format":false,"excerpt":"Kinderfest im Sommerbad Stadensen Am letzten Sonntag im Juli hatte die Interessengemeinschaft Sommerbad Stadensen zum Kinderfest ins Sommerbad eingeladen. Etwas mulmig war den Veranstaltern im Vorfeld schon, hatte es doch die ganzen Tage vorher immer wieder geregnet. Doch gl\u00fccklicherweise zeigte der Wettergott sich gn\u00e4dig. W\u00e4hrend der Veranstaltung am Sonntagnachmittag blieb\u2026","rel":"","context":"In &quot;Allgemein&quot;","block_context":{"text":"Allgemein","link":"http:\/\/www.sommerbad-stadensen.de\/?cat=1"},"img":{"alt_text":"","src":"https:\/\/i0.wp.com\/www.sommerbad-stadensen.de\/wp\/wp-content\/uploads\/2023\/08\/2023-07-31_kinderfest-300x169.jpg?resize=350%2C200","width":350,"height":200},"classes":[]}],"_links":{"self":[{"href":"http:\/\/www.sommerbad-stadensen.de\/index.php?rest_route=\/wp\/v2\/posts\/14213","targetHints":{"allow":["GET"]}}],"collection":[{"href":"http:\/\/www.sommerbad-stadensen.de\/index.php?rest_route=\/wp\/v2\/posts"}],"about":[{"href":"http:\/\/www.sommerbad-stadensen.de\/index.php?rest_route=\/wp\/v2\/types\/post"}],"author":[{"embeddable":true,"href":"http:\/\/www.sommerbad-stadensen.de\/index.php?rest_route=\/wp\/v2\/users\/1"}],"replies":[{"embeddable":true,"href":"http:\/\/www.sommerbad-stadensen.de\/index.php?rest_route=%2Fwp%2Fv2%2Fcomments&post=14213"}],"version-history":[{"count":1,"href":"http:\/\/www.sommerbad-stadensen.de\/index.php?rest_route=\/wp\/v2\/posts\/14213\/revisions"}],"predecessor-version":[{"id":14214,"href":"http:\/\/www.sommerbad-stadensen.de\/index.php?rest_route=\/wp\/v2\/posts\/14213\/revisions\/14214"}],"wp:attachment":[{"href":"http:\/\/www.sommerbad-stadensen.de\/index.php?rest_route=%2Fwp%2Fv2%2Fmedia&parent=14213"}],"wp:term":[{"taxonomy":"category","embeddable":true,"href":"http:\/\/www.sommerbad-stadensen.de\/index.php?rest_route=%2Fwp%2Fv2%2Fcategories&post=14213"},{"taxonomy":"post_tag","embeddable":true,"href":"http:\/\/www.sommerbad-stadensen.de\/index.php?rest_route=%2Fwp%2Fv2%2Ftags&post=14213"}],"curies":[{"name":"wp","href":"https:\/\/api.w.org\/{rel}","templated":true}]}}