{"id":14158,"date":"2024-06-27T08:39:02","date_gmt":"2024-06-27T06:39:02","guid":{"rendered":"http:\/\/www.sommerbad-stadensen.de\/?p=14158"},"modified":"2024-06-27T08:39:02","modified_gmt":"2024-06-27T06:39:02","slug":"abtauchen-in-die-sommerferien","status":"publish","type":"post","link":"http:\/\/www.sommerbad-stadensen.de\/?p=14158","title":{"rendered":"Abtauchen in die Sommerferien"},"content":{"rendered":"<h1>Schnuppertauchen f\u00fcr Kinder und Jugendliche im Sommerbad Stadensen<\/h1>\n<p>Am 22.06.2024, dem ersten Tag der Sommerferien, gab es im Rahmen des Ferienspa\u00df-Kalenders ein besonderes Angebot der Tauchschule Schulz: 20 Kinder und Jugendliche hatten die M\u00f6glichkeit, das Ger\u00e4tetauchen unter Anleitung erfahrener Tauchlehrer auszuprobieren.<\/p>\n<p>So \u00fcbten Christian Schulz und seine Helfer mit den Teilnehmenden das Atmen mit den Druckluftflaschen, zun\u00e4chst an der Wasseroberfl\u00e4che bevor es dann in geringer Tiefe unter Wasser ging und das Becken einmal aus einer anderen Perspektive erkundet werden konnte.<\/p>\n<p><a href=\"https:\/\/i0.wp.com\/www.sommerbad-stadensen.de\/wp\/wp-content\/uploads\/2024\/06\/2024-06-24_abtauchen_01.webp\" target=\"_blank\" rel=\"noopener\"><img data-recalc-dims=\"1\" loading=\"lazy\" decoding=\"async\" data-attachment-id=\"14152\" data-permalink=\"http:\/\/www.sommerbad-stadensen.de\/?attachment_id=14152\" data-orig-file=\"https:\/\/i0.wp.com\/www.sommerbad-stadensen.de\/wp\/wp-content\/uploads\/2024\/06\/2024-06-24_abtauchen_01.webp?fit=1440%2C1440\" data-orig-size=\"1440,1440\" data-comments-opened=\"0\" data-image-meta=\"{&quot;aperture&quot;:&quot;0&quot;,&quot;credit&quot;:&quot;&quot;,&quot;camera&quot;:&quot;&quot;,&quot;caption&quot;:&quot;&quot;,&quot;created_timestamp&quot;:&quot;0&quot;,&quot;copyright&quot;:&quot;&quot;,&quot;focal_length&quot;:&quot;0&quot;,&quot;iso&quot;:&quot;0&quot;,&quot;shutter_speed&quot;:&quot;0&quot;,&quot;title&quot;:&quot;&quot;,&quot;orientation&quot;:&quot;0&quot;}\" data-image-title=\"2024-06-24_abtauchen_01\" data-image-description=\"\" data-image-caption=\"\" data-medium-file=\"https:\/\/i0.wp.com\/www.sommerbad-stadensen.de\/wp\/wp-content\/uploads\/2024\/06\/2024-06-24_abtauchen_01.webp?fit=300%2C300\" data-large-file=\"https:\/\/i0.wp.com\/www.sommerbad-stadensen.de\/wp\/wp-content\/uploads\/2024\/06\/2024-06-24_abtauchen_01.webp?fit=750%2C750\" class=\"alignnone wp-image-14152 size-medium\" src=\"https:\/\/i0.wp.com\/www.sommerbad-stadensen.de\/wp\/wp-content\/uploads\/2024\/06\/2024-06-24_abtauchen_01.webp?resize=300%2C300\" alt=\"\" width=\"300\" height=\"300\" srcset=\"https:\/\/i0.wp.com\/www.sommerbad-stadensen.de\/wp\/wp-content\/uploads\/2024\/06\/2024-06-24_abtauchen_01.webp?resize=300%2C300 300w, https:\/\/i0.wp.com\/www.sommerbad-stadensen.de\/wp\/wp-content\/uploads\/2024\/06\/2024-06-24_abtauchen_01.webp?resize=1024%2C1024 1024w, https:\/\/i0.wp.com\/www.sommerbad-stadensen.de\/wp\/wp-content\/uploads\/2024\/06\/2024-06-24_abtauchen_01.webp?resize=150%2C150 150w, https:\/\/i0.wp.com\/www.sommerbad-stadensen.de\/wp\/wp-content\/uploads\/2024\/06\/2024-06-24_abtauchen_01.webp?resize=768%2C768 768w, https:\/\/i0.wp.com\/www.sommerbad-stadensen.de\/wp\/wp-content\/uploads\/2024\/06\/2024-06-24_abtauchen_01.webp?resize=270%2C270 270w, https:\/\/i0.wp.com\/www.sommerbad-stadensen.de\/wp\/wp-content\/uploads\/2024\/06\/2024-06-24_abtauchen_01.webp?resize=230%2C230 230w, https:\/\/i0.wp.com\/www.sommerbad-stadensen.de\/wp\/wp-content\/uploads\/2024\/06\/2024-06-24_abtauchen_01.webp?w=1440 1440w\" sizes=\"auto, (max-width: 300px) 100vw, 300px\" \/><\/a> <a href=\"https:\/\/i0.wp.com\/www.sommerbad-stadensen.de\/wp\/wp-content\/uploads\/2024\/06\/2024-06-24_abtauchen_06.jpg\" target=\"_blank\" rel=\"noopener\"><img data-recalc-dims=\"1\" loading=\"lazy\" decoding=\"async\" data-attachment-id=\"14157\" data-permalink=\"http:\/\/www.sommerbad-stadensen.de\/?attachment_id=14157\" data-orig-file=\"https:\/\/i0.wp.com\/www.sommerbad-stadensen.de\/wp\/wp-content\/uploads\/2024\/06\/2024-06-24_abtauchen_06.jpg?fit=1500%2C2000\" data-orig-size=\"1500,2000\" data-comments-opened=\"0\" data-image-meta=\"{&quot;aperture&quot;:&quot;0&quot;,&quot;credit&quot;:&quot;&quot;,&quot;camera&quot;:&quot;&quot;,&quot;caption&quot;:&quot;&quot;,&quot;created_timestamp&quot;:&quot;0&quot;,&quot;copyright&quot;:&quot;&quot;,&quot;focal_length&quot;:&quot;0&quot;,&quot;iso&quot;:&quot;0&quot;,&quot;shutter_speed&quot;:&quot;0&quot;,&quot;title&quot;:&quot;&quot;,&quot;orientation&quot;:&quot;0&quot;}\" data-image-title=\"2024-06-24_abtauchen_06\" data-image-description=\"\" data-image-caption=\"\" data-medium-file=\"https:\/\/i0.wp.com\/www.sommerbad-stadensen.de\/wp\/wp-content\/uploads\/2024\/06\/2024-06-24_abtauchen_06.jpg?fit=225%2C300\" data-large-file=\"https:\/\/i0.wp.com\/www.sommerbad-stadensen.de\/wp\/wp-content\/uploads\/2024\/06\/2024-06-24_abtauchen_06.jpg?fit=750%2C1000\" class=\"alignnone wp-image-14157 size-medium\" src=\"https:\/\/i0.wp.com\/www.sommerbad-stadensen.de\/wp\/wp-content\/uploads\/2024\/06\/2024-06-24_abtauchen_06.jpg?resize=225%2C300\" alt=\"\" width=\"225\" height=\"300\" srcset=\"https:\/\/i0.wp.com\/www.sommerbad-stadensen.de\/wp\/wp-content\/uploads\/2024\/06\/2024-06-24_abtauchen_06.jpg?resize=225%2C300 225w, https:\/\/i0.wp.com\/www.sommerbad-stadensen.de\/wp\/wp-content\/uploads\/2024\/06\/2024-06-24_abtauchen_06.jpg?resize=768%2C1024 768w, https:\/\/i0.wp.com\/www.sommerbad-stadensen.de\/wp\/wp-content\/uploads\/2024\/06\/2024-06-24_abtauchen_06.jpg?resize=1152%2C1536 1152w, https:\/\/i0.wp.com\/www.sommerbad-stadensen.de\/wp\/wp-content\/uploads\/2024\/06\/2024-06-24_abtauchen_06.jpg?w=1500 1500w\" sizes=\"auto, (max-width: 225px) 100vw, 225px\" \/><\/a> <a href=\"https:\/\/i0.wp.com\/www.sommerbad-stadensen.de\/wp\/wp-content\/uploads\/2024\/06\/2024-06-24_abtauchen_05.jpg\" target=\"_blank\" rel=\"noopener\"><img data-recalc-dims=\"1\" loading=\"lazy\" decoding=\"async\" data-attachment-id=\"14156\" data-permalink=\"http:\/\/www.sommerbad-stadensen.de\/?attachment_id=14156\" data-orig-file=\"https:\/\/i0.wp.com\/www.sommerbad-stadensen.de\/wp\/wp-content\/uploads\/2024\/06\/2024-06-24_abtauchen_05.jpg?fit=2000%2C1500\" data-orig-size=\"2000,1500\" data-comments-opened=\"0\" data-image-meta=\"{&quot;aperture&quot;:&quot;0&quot;,&quot;credit&quot;:&quot;&quot;,&quot;camera&quot;:&quot;&quot;,&quot;caption&quot;:&quot;&quot;,&quot;created_timestamp&quot;:&quot;0&quot;,&quot;copyright&quot;:&quot;&quot;,&quot;focal_length&quot;:&quot;0&quot;,&quot;iso&quot;:&quot;0&quot;,&quot;shutter_speed&quot;:&quot;0&quot;,&quot;title&quot;:&quot;&quot;,&quot;orientation&quot;:&quot;0&quot;}\" data-image-title=\"2024-06-24_abtauchen_05\" data-image-description=\"\" data-image-caption=\"\" data-medium-file=\"https:\/\/i0.wp.com\/www.sommerbad-stadensen.de\/wp\/wp-content\/uploads\/2024\/06\/2024-06-24_abtauchen_05.jpg?fit=300%2C225\" data-large-file=\"https:\/\/i0.wp.com\/www.sommerbad-stadensen.de\/wp\/wp-content\/uploads\/2024\/06\/2024-06-24_abtauchen_05.jpg?fit=750%2C563\" class=\"alignnone wp-image-14156 size-medium\" src=\"https:\/\/i0.wp.com\/www.sommerbad-stadensen.de\/wp\/wp-content\/uploads\/2024\/06\/2024-06-24_abtauchen_05.jpg?resize=300%2C225\" alt=\"\" width=\"300\" height=\"225\" srcset=\"https:\/\/i0.wp.com\/www.sommerbad-stadensen.de\/wp\/wp-content\/uploads\/2024\/06\/2024-06-24_abtauchen_05.jpg?resize=300%2C225 300w, https:\/\/i0.wp.com\/www.sommerbad-stadensen.de\/wp\/wp-content\/uploads\/2024\/06\/2024-06-24_abtauchen_05.jpg?resize=1024%2C768 1024w, https:\/\/i0.wp.com\/www.sommerbad-stadensen.de\/wp\/wp-content\/uploads\/2024\/06\/2024-06-24_abtauchen_05.jpg?resize=768%2C576 768w, https:\/\/i0.wp.com\/www.sommerbad-stadensen.de\/wp\/wp-content\/uploads\/2024\/06\/2024-06-24_abtauchen_05.jpg?resize=1536%2C1152 1536w, https:\/\/i0.wp.com\/www.sommerbad-stadensen.de\/wp\/wp-content\/uploads\/2024\/06\/2024-06-24_abtauchen_05.jpg?w=2000 2000w\" sizes=\"auto, (max-width: 300px) 100vw, 300px\" \/><\/a> <a href=\"https:\/\/i0.wp.com\/www.sommerbad-stadensen.de\/wp\/wp-content\/uploads\/2024\/06\/2024-06-24_abtauchen_02.webp\" target=\"_blank\" rel=\"noopener\"><img data-recalc-dims=\"1\" loading=\"lazy\" decoding=\"async\" data-attachment-id=\"14153\" data-permalink=\"http:\/\/www.sommerbad-stadensen.de\/?attachment_id=14153\" data-orig-file=\"https:\/\/i0.wp.com\/www.sommerbad-stadensen.de\/wp\/wp-content\/uploads\/2024\/06\/2024-06-24_abtauchen_02.webp?fit=1440%2C1440\" data-orig-size=\"1440,1440\" data-comments-opened=\"0\" data-image-meta=\"{&quot;aperture&quot;:&quot;0&quot;,&quot;credit&quot;:&quot;&quot;,&quot;camera&quot;:&quot;&quot;,&quot;caption&quot;:&quot;&quot;,&quot;created_timestamp&quot;:&quot;0&quot;,&quot;copyright&quot;:&quot;&quot;,&quot;focal_length&quot;:&quot;0&quot;,&quot;iso&quot;:&quot;0&quot;,&quot;shutter_speed&quot;:&quot;0&quot;,&quot;title&quot;:&quot;&quot;,&quot;orientation&quot;:&quot;0&quot;}\" data-image-title=\"2024-06-24_abtauchen_02\" data-image-description=\"\" data-image-caption=\"\" data-medium-file=\"https:\/\/i0.wp.com\/www.sommerbad-stadensen.de\/wp\/wp-content\/uploads\/2024\/06\/2024-06-24_abtauchen_02.webp?fit=300%2C300\" data-large-file=\"https:\/\/i0.wp.com\/www.sommerbad-stadensen.de\/wp\/wp-content\/uploads\/2024\/06\/2024-06-24_abtauchen_02.webp?fit=750%2C750\" class=\"alignnone wp-image-14153 size-medium\" src=\"https:\/\/i0.wp.com\/www.sommerbad-stadensen.de\/wp\/wp-content\/uploads\/2024\/06\/2024-06-24_abtauchen_02.webp?resize=300%2C300\" alt=\"\" width=\"300\" height=\"300\" srcset=\"https:\/\/i0.wp.com\/www.sommerbad-stadensen.de\/wp\/wp-content\/uploads\/2024\/06\/2024-06-24_abtauchen_02.webp?resize=300%2C300 300w, https:\/\/i0.wp.com\/www.sommerbad-stadensen.de\/wp\/wp-content\/uploads\/2024\/06\/2024-06-24_abtauchen_02.webp?resize=1024%2C1024 1024w, https:\/\/i0.wp.com\/www.sommerbad-stadensen.de\/wp\/wp-content\/uploads\/2024\/06\/2024-06-24_abtauchen_02.webp?resize=150%2C150 150w, https:\/\/i0.wp.com\/www.sommerbad-stadensen.de\/wp\/wp-content\/uploads\/2024\/06\/2024-06-24_abtauchen_02.webp?resize=768%2C768 768w, https:\/\/i0.wp.com\/www.sommerbad-stadensen.de\/wp\/wp-content\/uploads\/2024\/06\/2024-06-24_abtauchen_02.webp?resize=270%2C270 270w, https:\/\/i0.wp.com\/www.sommerbad-stadensen.de\/wp\/wp-content\/uploads\/2024\/06\/2024-06-24_abtauchen_02.webp?resize=230%2C230 230w, https:\/\/i0.wp.com\/www.sommerbad-stadensen.de\/wp\/wp-content\/uploads\/2024\/06\/2024-06-24_abtauchen_02.webp?w=1440 1440w\" sizes=\"auto, (max-width: 300px) 100vw, 300px\" \/><\/a> <a href=\"https:\/\/i0.wp.com\/www.sommerbad-stadensen.de\/wp\/wp-content\/uploads\/2024\/06\/2024-06-24_abtauchen_04.webp\" target=\"_blank\" rel=\"noopener\"><img data-recalc-dims=\"1\" loading=\"lazy\" decoding=\"async\" data-attachment-id=\"14155\" data-permalink=\"http:\/\/www.sommerbad-stadensen.de\/?attachment_id=14155\" data-orig-file=\"https:\/\/i0.wp.com\/www.sommerbad-stadensen.de\/wp\/wp-content\/uploads\/2024\/06\/2024-06-24_abtauchen_04.webp?fit=1440%2C1440\" data-orig-size=\"1440,1440\" data-comments-opened=\"0\" data-image-meta=\"{&quot;aperture&quot;:&quot;0&quot;,&quot;credit&quot;:&quot;&quot;,&quot;camera&quot;:&quot;&quot;,&quot;caption&quot;:&quot;&quot;,&quot;created_timestamp&quot;:&quot;0&quot;,&quot;copyright&quot;:&quot;&quot;,&quot;focal_length&quot;:&quot;0&quot;,&quot;iso&quot;:&quot;0&quot;,&quot;shutter_speed&quot;:&quot;0&quot;,&quot;title&quot;:&quot;&quot;,&quot;orientation&quot;:&quot;0&quot;}\" data-image-title=\"2024-06-24_abtauchen_04\" data-image-description=\"\" data-image-caption=\"\" data-medium-file=\"https:\/\/i0.wp.com\/www.sommerbad-stadensen.de\/wp\/wp-content\/uploads\/2024\/06\/2024-06-24_abtauchen_04.webp?fit=300%2C300\" data-large-file=\"https:\/\/i0.wp.com\/www.sommerbad-stadensen.de\/wp\/wp-content\/uploads\/2024\/06\/2024-06-24_abtauchen_04.webp?fit=750%2C750\" class=\"alignnone wp-image-14155 size-medium\" src=\"https:\/\/i0.wp.com\/www.sommerbad-stadensen.de\/wp\/wp-content\/uploads\/2024\/06\/2024-06-24_abtauchen_04.webp?resize=300%2C300\" alt=\"\" width=\"300\" height=\"300\" srcset=\"https:\/\/i0.wp.com\/www.sommerbad-stadensen.de\/wp\/wp-content\/uploads\/2024\/06\/2024-06-24_abtauchen_04.webp?resize=300%2C300 300w, https:\/\/i0.wp.com\/www.sommerbad-stadensen.de\/wp\/wp-content\/uploads\/2024\/06\/2024-06-24_abtauchen_04.webp?resize=1024%2C1024 1024w, https:\/\/i0.wp.com\/www.sommerbad-stadensen.de\/wp\/wp-content\/uploads\/2024\/06\/2024-06-24_abtauchen_04.webp?resize=150%2C150 150w, https:\/\/i0.wp.com\/www.sommerbad-stadensen.de\/wp\/wp-content\/uploads\/2024\/06\/2024-06-24_abtauchen_04.webp?resize=768%2C768 768w, https:\/\/i0.wp.com\/www.sommerbad-stadensen.de\/wp\/wp-content\/uploads\/2024\/06\/2024-06-24_abtauchen_04.webp?resize=270%2C270 270w, https:\/\/i0.wp.com\/www.sommerbad-stadensen.de\/wp\/wp-content\/uploads\/2024\/06\/2024-06-24_abtauchen_04.webp?resize=230%2C230 230w, https:\/\/i0.wp.com\/www.sommerbad-stadensen.de\/wp\/wp-content\/uploads\/2024\/06\/2024-06-24_abtauchen_04.webp?w=1440 1440w\" sizes=\"auto, (max-width: 300px) 100vw, 300px\" \/><\/a> <a href=\"https:\/\/i0.wp.com\/www.sommerbad-stadensen.de\/wp\/wp-content\/uploads\/2024\/06\/2024-06-24_abtauchen_03.webp\" target=\"_blank\" rel=\"noopener\"><img data-recalc-dims=\"1\" loading=\"lazy\" decoding=\"async\" data-attachment-id=\"14154\" data-permalink=\"http:\/\/www.sommerbad-stadensen.de\/?attachment_id=14154\" data-orig-file=\"https:\/\/i0.wp.com\/www.sommerbad-stadensen.de\/wp\/wp-content\/uploads\/2024\/06\/2024-06-24_abtauchen_03.webp?fit=1440%2C1440\" data-orig-size=\"1440,1440\" data-comments-opened=\"0\" data-image-meta=\"{&quot;aperture&quot;:&quot;0&quot;,&quot;credit&quot;:&quot;&quot;,&quot;camera&quot;:&quot;&quot;,&quot;caption&quot;:&quot;&quot;,&quot;created_timestamp&quot;:&quot;0&quot;,&quot;copyright&quot;:&quot;&quot;,&quot;focal_length&quot;:&quot;0&quot;,&quot;iso&quot;:&quot;0&quot;,&quot;shutter_speed&quot;:&quot;0&quot;,&quot;title&quot;:&quot;&quot;,&quot;orientation&quot;:&quot;0&quot;}\" data-image-title=\"2024-06-24_abtauchen_03\" data-image-description=\"\" data-image-caption=\"\" data-medium-file=\"https:\/\/i0.wp.com\/www.sommerbad-stadensen.de\/wp\/wp-content\/uploads\/2024\/06\/2024-06-24_abtauchen_03.webp?fit=300%2C300\" data-large-file=\"https:\/\/i0.wp.com\/www.sommerbad-stadensen.de\/wp\/wp-content\/uploads\/2024\/06\/2024-06-24_abtauchen_03.webp?fit=750%2C750\" class=\"alignnone wp-image-14154 size-medium\" src=\"https:\/\/i0.wp.com\/www.sommerbad-stadensen.de\/wp\/wp-content\/uploads\/2024\/06\/2024-06-24_abtauchen_03.webp?resize=300%2C300\" alt=\"\" width=\"300\" height=\"300\" srcset=\"https:\/\/i0.wp.com\/www.sommerbad-stadensen.de\/wp\/wp-content\/uploads\/2024\/06\/2024-06-24_abtauchen_03.webp?resize=300%2C300 300w, https:\/\/i0.wp.com\/www.sommerbad-stadensen.de\/wp\/wp-content\/uploads\/2024\/06\/2024-06-24_abtauchen_03.webp?resize=1024%2C1024 1024w, https:\/\/i0.wp.com\/www.sommerbad-stadensen.de\/wp\/wp-content\/uploads\/2024\/06\/2024-06-24_abtauchen_03.webp?resize=150%2C150 150w, https:\/\/i0.wp.com\/www.sommerbad-stadensen.de\/wp\/wp-content\/uploads\/2024\/06\/2024-06-24_abtauchen_03.webp?resize=768%2C768 768w, https:\/\/i0.wp.com\/www.sommerbad-stadensen.de\/wp\/wp-content\/uploads\/2024\/06\/2024-06-24_abtauchen_03.webp?resize=270%2C270 270w, https:\/\/i0.wp.com\/www.sommerbad-stadensen.de\/wp\/wp-content\/uploads\/2024\/06\/2024-06-24_abtauchen_03.webp?resize=230%2C230 230w, https:\/\/i0.wp.com\/www.sommerbad-stadensen.de\/wp\/wp-content\/uploads\/2024\/06\/2024-06-24_abtauchen_03.webp?w=1440 1440w\" sizes=\"auto, (max-width: 300px) 100vw, 300px\" \/><\/a><br \/>\nDie Interessengemeinschaft Sommerbad Stadensen e.V. (ISO), die das Freibad betreibt, dankt der Tauchschule Schulz f\u00fcr die Realisierung dieses Angebots und freut sich dar\u00fcber, dass bereits \u00fcber die Wiederholung eines Schnuppertauchens im n\u00e4chsten Jahr nachgedacht wird.<\/p>\n","protected":false},"excerpt":{"rendered":"<p>Schnuppertauchen f\u00fcr Kinder und Jugendliche im Sommerbad Stadensen Am 22.06.2024, dem ersten Tag der Sommerferien, gab es im Rahmen des Ferienspa\u00df-Kalenders ein besonderes Angebot der Tauchschule Schulz: 20 Kinder und Jugendliche hatten die M\u00f6glichkeit, das Ger\u00e4tetauchen unter Anleitung erfahrener Tauchlehrer<\/p>\n","protected":false},"author":1,"featured_media":0,"comment_status":"closed","ping_status":"closed","sticky":false,"template":"","format":"standard","meta":{"ngg_post_thumbnail":0,"jetpack_post_was_ever_published":false,"_jetpack_newsletter_access":"","_jetpack_dont_email_post_to_subs":false,"_jetpack_newsletter_tier_id":0,"_jetpack_memberships_contains_paywalled_content":false,"_jetpack_memberships_contains_paid_content":false,"footnotes":"","jetpack_publicize_message":"","jetpack_publicize_feature_enabled":true,"jetpack_social_post_already_shared":true,"jetpack_social_options":{"image_generator_settings":{"template":"highway","default_image_id":0,"font":"","enabled":false},"version":2}},"categories":[1,3],"tags":[],"class_list":["post-14158","post","type-post","status-publish","format-standard","hentry","category-allgemein","category-bad"],"jetpack_publicize_connections":[],"jetpack_featured_media_url":"","jetpack_sharing_enabled":true,"jetpack_shortlink":"https:\/\/wp.me\/p7EHg6-3Gm","jetpack-related-posts":[{"id":13989,"url":"http:\/\/www.sommerbad-stadensen.de\/?p=13989","url_meta":{"origin":14158,"position":0},"title":"Thomas Schulz &#8211; ein Nachruf","author":"Ingo Wolterstorff","date":"27. April 2023","format":false,"excerpt":"Die Interessengemeinschaft Sommerbad Stadensen e. V. (ISO) trauert um ihren stellvertretenden Vorsitzenden Thomas Schulz, der v\u00f6llig \u00fcberraschend am 15. April 2023 verstorben ist. Die ISO verdankt Thomas Schulz unendlich viel. Seine vielf\u00e4ltigen Initiativen, seine kreativen Ideen und auch seine Tatkraft haben den Verein und das Sommerbad stetig vorangebracht. Dass er\u2026","rel":"","context":"In &quot;Allgemein&quot;","block_context":{"text":"Allgemein","link":"http:\/\/www.sommerbad-stadensen.de\/?cat=1"},"img":{"alt_text":"","src":"https:\/\/i0.wp.com\/www.sommerbad-stadensen.de\/wp\/wp-content\/uploads\/2023\/04\/2023-04-27_nachruf_thomas_schulz_II.jpg?resize=350%2C200","width":350,"height":200},"classes":[]},{"id":13250,"url":"http:\/\/www.sommerbad-stadensen.de\/?p=13250","url_meta":{"origin":14158,"position":1},"title":"Nachtschwimmen 2018","author":"Ingo Wolterstorff","date":"8. August 2018","format":false,"excerpt":"Tropische Nacht mit karibischem Flair Eine ganz runde Sache war das diesj\u00e4hrige Nachtschwimmen der Interessengemeinschaft Sommerbad Stadensen e. V. (ISO). Das liebevoll mit Maispflanzen rund ums Becken und Lichtakzenten in den B\u00e4umen und im Zelt dekorierte Bad lie\u00df pure Urlaubsstimmung aufkommen und den Alltag vergessen. Mit Cocktails und anderen Getr\u00e4nken\u2026","rel":"","context":"In &quot;Allgemein&quot;","block_context":{"text":"Allgemein","link":"http:\/\/www.sommerbad-stadensen.de\/?cat=1"},"img":{"alt_text":"","src":"https:\/\/i0.wp.com\/www.sommerbad-stadensen.de\/wp\/wp-content\/uploads\/2018\/08\/2018-08-04_nachtschwimmen_01-150x150.jpg?resize=350%2C200","width":350,"height":200},"classes":[]},{"id":13064,"url":"http:\/\/www.sommerbad-stadensen.de\/?p=13064","url_meta":{"origin":14158,"position":2},"title":"Cocktailabend und Nachtschwimmen","author":"Ingo Wolterstorff","date":"22. August 2017","format":false,"excerpt":"Cocktailabend und Nachtschwimmen im Sommerbad Stadensen Anfang August hat die Interessengemeinschaft Sommerbad Stadensen e. V. (ISO) ihr beliebtes Nachtschwimmen ausgerichtet, eines der Highlights im Veranstaltungskalender. Das Orga-Team der ISO hatte in ein liebevoll geschm\u00fccktes und mit s\u00fcdl\u00e4ndischen Flair ausgestattetes Schwimmbad eingeladen. Geplant war ein lauschiger Sommerabend mit Cocktails und Nachtschwimmen.\u2026","rel":"","context":"In &quot;Allgemein&quot;","block_context":{"text":"Allgemein","link":"http:\/\/www.sommerbad-stadensen.de\/?cat=1"},"img":{"alt_text":"","src":"https:\/\/i0.wp.com\/www.sommerbad-stadensen.de\/wp\/wp-content\/uploads\/2017\/08\/2017-08-19_nachtschwimmen_04-150x150.jpg?resize=350%2C200","width":350,"height":200},"classes":[]},{"id":14130,"url":"http:\/\/www.sommerbad-stadensen.de\/?p=14130","url_meta":{"origin":14158,"position":3},"title":"Neuer Vorstand, Saisonvorbereitung und vieles mehr&#8230;","author":"Ingo Wolterstorff","date":"13. Mai 2024","format":false,"excerpt":"Neuer Vorstand, Saisonvorbereitung und -er\u00f6ffnung \u2013 \u201eDie Arbeit geht nicht aus!\u201c Man sollte meinen, das Betreiben eines Freibades macht nicht so viel Arbeit. Es ist schlie\u00dflich nur von Mai bis September ge\u00f6ffnet. Aber nach der Saison ist vor der Saison! So wurde bereits im Herbst mit den ersten Arbeiten im\u2026","rel":"","context":"In &quot;Allgemein&quot;","block_context":{"text":"Allgemein","link":"http:\/\/www.sommerbad-stadensen.de\/?cat=1"},"img":{"alt_text":"","src":"https:\/\/i0.wp.com\/www.sommerbad-stadensen.de\/wp\/wp-content\/uploads\/2024\/05\/IMG_0517-300x225.jpg?resize=350%2C200","width":350,"height":200},"classes":[]},{"id":12852,"url":"http:\/\/www.sommerbad-stadensen.de\/?p=12852","url_meta":{"origin":14158,"position":4},"title":"10 Jahre &#8222;Tauchen mit Thomas&#8220;","author":"Ingo Wolterstorff","date":"19. September 2016","format":false,"excerpt":"Die Tauchschule von Thomas und Christian Schulz kann auf 10 erfolgreiche Jahre Tauchsport zur\u00fcckblicken, was jetzt geb\u00fchrend gefeiert wurde. In den Sommermonaten findet die Ausbildung im Sommerbad Stadensen statt. Was liegt da n\u00e4her, als die Jubil\u00e4umsfeier in Stadensen zu veranstalten? Thomas und Christian hatten Mitglieder, Freunde und nat\u00fcrlich den Vorstand\u2026","rel":"","context":"In &quot;bad&quot;","block_context":{"text":"bad","link":"http:\/\/www.sommerbad-stadensen.de\/?cat=3"},"img":{"alt_text":"2016-09-17_jubilaeum_tauchschule_01","src":"https:\/\/i0.wp.com\/www.sommerbad-stadensen.de\/wp\/wp-content\/uploads\/2016\/09\/2016-09-17_jubilaeum_tauchschule_01-150x150.jpg?resize=350%2C200","width":350,"height":200},"classes":[]},{"id":12182,"url":"http:\/\/www.sommerbad-stadensen.de\/?p=12182","url_meta":{"origin":14158,"position":5},"title":"Nachts im Schwimmbad","author":"Ingo Wolterstorff","date":"21. August 2016","format":false,"excerpt":"Ein weiteres Mal kann sich die Interessengemeinschaft Sommerbad Stadensen e. V (ISO) \u00fcber eine \u00e4u\u00dferst erfolgreiche Veranstaltung freuen. Mit der Kombination Nachtschwimmen\/Cocktailabend ist es den Verantwortlichen einmal mehr gelungen, das Sommerbad in ein Erlebnisbad zu verwandeln und viele, viele Besucher in den kleinen Ort Stadensen zu locken. Gem\u00fctlich im Strandkorb\u2026","rel":"","context":"In &quot;veranstaltungen&quot;","block_context":{"text":"veranstaltungen","link":"http:\/\/www.sommerbad-stadensen.de\/?cat=2"},"img":{"alt_text":"2016-08-21_nachtschwimmen_03","src":"https:\/\/i0.wp.com\/www.sommerbad-stadensen.de\/wp\/wp-content\/uploads\/2016\/08\/2016-08-21_nachtschwimmen_03-150x150.jpg?resize=350%2C200","width":350,"height":200},"classes":[]}],"_links":{"self":[{"href":"http:\/\/www.sommerbad-stadensen.de\/index.php?rest_route=\/wp\/v2\/posts\/14158","targetHints":{"allow":["GET"]}}],"collection":[{"href":"http:\/\/www.sommerbad-stadensen.de\/index.php?rest_route=\/wp\/v2\/posts"}],"about":[{"href":"http:\/\/www.sommerbad-stadensen.de\/index.php?rest_route=\/wp\/v2\/types\/post"}],"author":[{"embeddable":true,"href":"http:\/\/www.sommerbad-stadensen.de\/index.php?rest_route=\/wp\/v2\/users\/1"}],"replies":[{"embeddable":true,"href":"http:\/\/www.sommerbad-stadensen.de\/index.php?rest_route=%2Fwp%2Fv2%2Fcomments&post=14158"}],"version-history":[{"count":1,"href":"http:\/\/www.sommerbad-stadensen.de\/index.php?rest_route=\/wp\/v2\/posts\/14158\/revisions"}],"predecessor-version":[{"id":14159,"href":"http:\/\/www.sommerbad-stadensen.de\/index.php?rest_route=\/wp\/v2\/posts\/14158\/revisions\/14159"}],"wp:attachment":[{"href":"http:\/\/www.sommerbad-stadensen.de\/index.php?rest_route=%2Fwp%2Fv2%2Fmedia&parent=14158"}],"wp:term":[{"taxonomy":"category","embeddable":true,"href":"http:\/\/www.sommerbad-stadensen.de\/index.php?rest_route=%2Fwp%2Fv2%2Fcategories&post=14158"},{"taxonomy":"post_tag","embeddable":true,"href":"http:\/\/www.sommerbad-stadensen.de\/index.php?rest_route=%2Fwp%2Fv2%2Ftags&post=14158"}],"curies":[{"name":"wp","href":"https:\/\/api.w.org\/{rel}","templated":true}]}}